{"id":8010,"date":"2020-09-21T08:35:01","date_gmt":"2020-09-21T13:35:01","guid":{"rendered":"https:\/\/expatgroup.co\/es\/?p=8010"},"modified":"2025-12-17T13:29:06","modified_gmt":"2025-12-17T18:29:06","slug":"migracion-colombia-reactiva-sus-servicios","status":"publish","type":"post","link":"https:\/\/expatgroup.co\/es\/blog\/migracion-colombia-reactiva-sus-servicios\/","title":{"rendered":"Migraci\u00f3n Colombia Reactiva sus Servicios"},"content":{"rendered":"<p><span style=\"font-weight: 400;\">Tras m\u00e1s de cinco meses de interrupci\u00f3n de los servicios de <a href=\"https:\/\/www.migracioncolombia.gov.co\/\" target=\"_blank\" rel=\"noopener\">Migraci\u00f3n Colombia<\/a>, una consecuencia directa de la pandemia global que paraliz\u00f3 numerosas actividades administrativas y gubernamentales, la atenci\u00f3n al p\u00fablico en las oficinas ha comenzado a reactivarse de manera paulatina. <\/span><\/p>\n<p><span style=\"font-weight: 400;\">Este reinicio se est\u00e1 llevando a cabo siguiendo estrictamente los lineamientos y protocolos de bioseguridad establecidos en la <a href=\"https:\/\/www.cancilleria.gov.co\/sites\/default\/files\/Normograma\/docs\/resolucion_uaemc_2223_2020.htm\" target=\"_blank\" rel=\"noopener\">Resoluci\u00f3n 2223 de 2020<\/a>, una normativa dise\u00f1ada para garantizar la seguridad tanto de los funcionarios como de los usuarios durante esta fase de transici\u00f3n. La prolongada suspensi\u00f3n gener\u00f3 diversos desaf\u00edos para los ciudadanos extranjeros con tr\u00e1mites pendientes en el pa\u00eds, por lo que esta reanudaci\u00f3n gradual representa un avance significativo hacia la normalizaci\u00f3n de los procesos migratorios.<\/span><\/p>\n","protected":false},"excerpt":{"rendered":"<p>Despu\u00e9s de m\u00e1s de 5 meses de suspensi\u00f3n de los servicios de Migraci\u00f3n Colombia, debido a la pandemia, las actividades de la oficina de Migraci\u00f3n finalmente se est\u00e1n reanudando gradualmente.<\/p>\n<p>Con la Resoluci\u00f3n 2223 de 2020, a partir del 21 de septiembre, se inicia la reactivaci\u00f3n gradual de los siguientes servicios:<br \/>\n1. C\u00e9dula de Extranjer\u00eda<br \/>\n2. Registro de Extranjeros<br \/>\n3. Certificado de Movimientos Migratorios<br \/>\n4. Salvoconductos<br \/>\n5. Pr\u00f3rroga de Permisos Temporales de Permanencia<\/p>\n","protected":false},"author":12,"featured_media":15746,"comment_status":"open","ping_status":"open","sticky":false,"template":"","format":"standard","meta":{"_acf_changed":false,"inline_featured_image":false,"footnotes":""},"categories":[1,34],"tags":[],"class_list":["post-8010","post","type-post","status-publish","format-standard","has-post-thumbnail","hentry","category-noticias","category-visas-e-inmigracion"],"acf":[],"yoast_head":"<!-- This site is optimized with the Yoast SEO Premium plugin v25.0 (Yoast SEO v27.4) - https:\/\/yoast.com\/product\/yoast-seo-premium-wordpress\/ -->\n<title>Migraci\u00f3n Colombia Reactiva sus Servicios<\/title>\n<meta name=\"description\" content=\"Las oficinas de Migraci\u00f3n Colombia reabrir\u00e1n sus servicios el 21 de septiembre, de acuerdo con la Resoluci\u00f3n 2223, despu\u00e9s de la pandemia.\" \/>\n<meta name=\"robots\" content=\"index, follow, max-snippet:-1, max-image-preview:large, max-video-preview:-1\" \/>\n<link rel=\"canonical\" href=\"https:\/\/expatgroup.co\/es\/blog\/migracion-colombia-reactiva-sus-servicios\/\" \/>\n<meta property=\"og:locale\" content=\"en_US\" \/>\n<meta property=\"og:type\" content=\"article\" \/>\n<meta property=\"og:title\" content=\"Migraci\u00f3n Colombia Reactiva sus Servicios\" \/>\n<meta property=\"og:description\" content=\"Las oficinas de Migraci\u00f3n Colombia reabrir\u00e1n sus servicios el 21 de septiembre, de acuerdo con la Resoluci\u00f3n 2223, despu\u00e9s de la pandemia.\" \/>\n<meta property=\"og:url\" content=\"https:\/\/expatgroup.co\/es\/blog\/migracion-colombia-reactiva-sus-servicios\/\" \/>\n<meta property=\"og:site_name\" content=\"expatgroup\" \/>\n<meta property=\"article:publisher\" content=\"https:\/\/www.facebook.com\/expatgroup.co\/\" \/>\n<meta property=\"article:published_time\" content=\"2020-09-21T13:35:01+00:00\" \/>\n<meta property=\"article:modified_time\" content=\"2025-12-17T18:29:06+00:00\" \/>\n<meta property=\"og:image\" content=\"https:\/\/expatgroup.co\/es\/wp-content\/uploads\/2020\/09\/Migracion-Colombia-Reactiva-sus-Servicios.jpg\" \/>\n\t<meta property=\"og:image:width\" content=\"1300\" \/>\n\t<meta property=\"og:image:height\" content=\"700\" \/>\n\t<meta property=\"og:image:type\" content=\"image\/jpeg\" \/>\n<meta name=\"author\" content=\"expatgroup.co\" \/>\n<meta name=\"twitter:card\" content=\"summary_large_image\" \/>\n<meta name=\"twitter:label1\" content=\"Written by\" \/>\n\t<meta name=\"twitter:data1\" content=\"expatgroup.co\" \/>\n\t<meta name=\"twitter:label2\" content=\"Est. reading time\" \/>\n\t<meta name=\"twitter:data2\" content=\"1 minute\" \/>\n<script type=\"application\/ld+json\" class=\"yoast-schema-graph\">{\"@context\":\"https:\\\/\\\/schema.org\",\"@graph\":[{\"@type\":\"Article\",\"@id\":\"https:\\\/\\\/expatgroup.co\\\/es\\\/blog\\\/migracion-colombia-reactiva-sus-servicios\\\/#article\",\"isPartOf\":{\"@id\":\"https:\\\/\\\/expatgroup.co\\\/es\\\/blog\\\/migracion-colombia-reactiva-sus-servicios\\\/\"},\"author\":{\"name\":\"expatgroup.co\",\"@id\":\"https:\\\/\\\/expatgroup.co\\\/es\\\/#\\\/schema\\\/person\\\/c2cba3786f87628f66bfc207757282b2\"},\"headline\":\"Migraci\u00f3n Colombia Reactiva sus Servicios\",\"datePublished\":\"2020-09-21T13:35:01+00:00\",\"dateModified\":\"2025-12-17T18:29:06+00:00\",\"mainEntityOfPage\":{\"@id\":\"https:\\\/\\\/expatgroup.co\\\/es\\\/blog\\\/migracion-colombia-reactiva-sus-servicios\\\/\"},\"wordCount\":134,\"commentCount\":1,\"publisher\":{\"@id\":\"https:\\\/\\\/expatgroup.co\\\/es\\\/#organization\"},\"image\":{\"@id\":\"https:\\\/\\\/expatgroup.co\\\/es\\\/blog\\\/migracion-colombia-reactiva-sus-servicios\\\/#primaryimage\"},\"thumbnailUrl\":\"https:\\\/\\\/expatgroup.co\\\/es\\\/wp-content\\\/uploads\\\/2020\\\/09\\\/Migracion-Colombia-Reactiva-sus-Servicios.jpg\",\"articleSection\":[\"Noticias\",\"Visas e Inmigraci\u00f3n\"],\"inLanguage\":\"en-US\",\"potentialAction\":[{\"@type\":\"CommentAction\",\"name\":\"Comment\",\"target\":[\"https:\\\/\\\/expatgroup.co\\\/es\\\/blog\\\/migracion-colombia-reactiva-sus-servicios\\\/#respond\"]}]},{\"@type\":\"WebPage\",\"@id\":\"https:\\\/\\\/expatgroup.co\\\/es\\\/blog\\\/migracion-colombia-reactiva-sus-servicios\\\/\",\"url\":\"https:\\\/\\\/expatgroup.co\\\/es\\\/blog\\\/migracion-colombia-reactiva-sus-servicios\\\/\",\"name\":\"Migraci\u00f3n Colombia Reactiva sus Servicios\",\"isPartOf\":{\"@id\":\"https:\\\/\\\/expatgroup.co\\\/es\\\/#website\"},\"primaryImageOfPage\":{\"@id\":\"https:\\\/\\\/expatgroup.co\\\/es\\\/blog\\\/migracion-colombia-reactiva-sus-servicios\\\/#primaryimage\"},\"image\":{\"@id\":\"https:\\\/\\\/expatgroup.co\\\/es\\\/blog\\\/migracion-colombia-reactiva-sus-servicios\\\/#primaryimage\"},\"thumbnailUrl\":\"https:\\\/\\\/expatgroup.co\\\/es\\\/wp-content\\\/uploads\\\/2020\\\/09\\\/Migracion-Colombia-Reactiva-sus-Servicios.jpg\",\"datePublished\":\"2020-09-21T13:35:01+00:00\",\"dateModified\":\"2025-12-17T18:29:06+00:00\",\"description\":\"Las oficinas de Migraci\u00f3n Colombia reabrir\u00e1n sus servicios el 21 de septiembre, de acuerdo con la Resoluci\u00f3n 2223, despu\u00e9s de la pandemia.\",\"breadcrumb\":{\"@id\":\"https:\\\/\\\/expatgroup.co\\\/es\\\/blog\\\/migracion-colombia-reactiva-sus-servicios\\\/#breadcrumb\"},\"inLanguage\":\"en-US\",\"potentialAction\":[{\"@type\":\"ReadAction\",\"target\":[\"https:\\\/\\\/expatgroup.co\\\/es\\\/blog\\\/migracion-colombia-reactiva-sus-servicios\\\/\"]}]},{\"@type\":\"ImageObject\",\"inLanguage\":\"en-US\",\"@id\":\"https:\\\/\\\/expatgroup.co\\\/es\\\/blog\\\/migracion-colombia-reactiva-sus-servicios\\\/#primaryimage\",\"url\":\"https:\\\/\\\/expatgroup.co\\\/es\\\/wp-content\\\/uploads\\\/2020\\\/09\\\/Migracion-Colombia-Reactiva-sus-Servicios.jpg\",\"contentUrl\":\"https:\\\/\\\/expatgroup.co\\\/es\\\/wp-content\\\/uploads\\\/2020\\\/09\\\/Migracion-Colombia-Reactiva-sus-Servicios.jpg\",\"width\":1300,\"height\":700,\"caption\":\"Migraci\u00f3n Colombia Reactiva sus Servicios\"},{\"@type\":\"BreadcrumbList\",\"@id\":\"https:\\\/\\\/expatgroup.co\\\/es\\\/blog\\\/migracion-colombia-reactiva-sus-servicios\\\/#breadcrumb\",\"itemListElement\":[{\"@type\":\"ListItem\",\"position\":1,\"name\":\"Home\",\"item\":\"https:\\\/\\\/expatgroup.co\\\/es\\\/\"},{\"@type\":\"ListItem\",\"position\":2,\"name\":\"Migraci\u00f3n Colombia Reactiva sus Servicios\"}]},{\"@type\":\"WebSite\",\"@id\":\"https:\\\/\\\/expatgroup.co\\\/es\\\/#website\",\"url\":\"https:\\\/\\\/expatgroup.co\\\/es\\\/\",\"name\":\"expatgroup.co\",\"description\":\"Tu camino al sue\u00f1o Colombiano\",\"publisher\":{\"@id\":\"https:\\\/\\\/expatgroup.co\\\/es\\\/#organization\"},\"potentialAction\":[{\"@type\":\"SearchAction\",\"target\":{\"@type\":\"EntryPoint\",\"urlTemplate\":\"https:\\\/\\\/expatgroup.co\\\/es\\\/?s={search_term_string}\"},\"query-input\":{\"@type\":\"PropertyValueSpecification\",\"valueRequired\":true,\"valueName\":\"search_term_string\"}}],\"inLanguage\":\"en-US\"},{\"@type\":\"Organization\",\"@id\":\"https:\\\/\\\/expatgroup.co\\\/es\\\/#organization\",\"name\":\"expatgroup.co\",\"url\":\"https:\\\/\\\/expatgroup.co\\\/es\\\/\",\"logo\":{\"@type\":\"ImageObject\",\"inLanguage\":\"en-US\",\"@id\":\"https:\\\/\\\/expatgroup.co\\\/es\\\/#\\\/schema\\\/logo\\\/image\\\/\",\"url\":\"https:\\\/\\\/expatgroup.co\\\/es\\\/wp-content\\\/uploads\\\/2024\\\/12\\\/Logo-EG_Fondo-azul-oscuro.png\",\"contentUrl\":\"https:\\\/\\\/expatgroup.co\\\/es\\\/wp-content\\\/uploads\\\/2024\\\/12\\\/Logo-EG_Fondo-azul-oscuro.png\",\"width\":951,\"height\":524,\"caption\":\"expatgroup.co\"},\"image\":{\"@id\":\"https:\\\/\\\/expatgroup.co\\\/es\\\/#\\\/schema\\\/logo\\\/image\\\/\"},\"sameAs\":[\"https:\\\/\\\/www.facebook.com\\\/expatgroup.co\\\/\",\"https:\\\/\\\/www.instagram.com\\\/expatgroupco\\\/\"],\"description\":\"We serve as a facilitative channel between international clients and Colombia. By offering a comprehensive portfolio of solutions in immigration, real estate, legal matters, and business, our objective is to assist clients in making informed decisions regarding their relocation, residency, and investment in Colombia. We aim to ensure that this process is both effective and straightforward.\",\"email\":\"sales@expatgroup.co\",\"telephone\":\"+19547993692\"},{\"@type\":\"Person\",\"@id\":\"https:\\\/\\\/expatgroup.co\\\/es\\\/#\\\/schema\\\/person\\\/c2cba3786f87628f66bfc207757282b2\",\"name\":\"expatgroup.co\",\"image\":{\"@type\":\"ImageObject\",\"inLanguage\":\"en-US\",\"@id\":\"https:\\\/\\\/expatgroup.co\\\/es\\\/wp-content\\\/uploads\\\/2025\\\/01\\\/expatgroup.co_avatar_1-96x96.jpg\",\"url\":\"https:\\\/\\\/expatgroup.co\\\/es\\\/wp-content\\\/uploads\\\/2025\\\/01\\\/expatgroup.co_avatar_1-96x96.jpg\",\"contentUrl\":\"https:\\\/\\\/expatgroup.co\\\/es\\\/wp-content\\\/uploads\\\/2025\\\/01\\\/expatgroup.co_avatar_1-96x96.jpg\",\"caption\":\"expatgroup.co\"},\"description\":\"Nuestro equipo editorial est\u00e1 conformado por profesionales especializados en diversas \u00e1reas, dedicados a ofrecer a nuestros lectores informaci\u00f3n precisa y actualizada sobre procesos migratorios, inversi\u00f3n extranjera, creaci\u00f3n de empresas, adquisici\u00f3n de propiedades y seguros en Colombia. A trav\u00e9s de nuestro blog, miles de extranjeros han encontrado informaci\u00f3n valiosa que les ha permitido resolver sus dudas, tomar decisiones informadas y llevar a cabo con \u00e9xito sus proyectos de vida en el pa\u00eds. En expatgroup.co, estamos comprometidos con brindar respuestas claras y generar contenido basado en las inquietudes m\u00e1s frecuentes de quienes planean vivir, invertir o emprender en Colombia.\"}]}<\/script>\n<!-- \/ Yoast SEO Premium plugin. -->","yoast_head_json":{"title":"Migraci\u00f3n Colombia Reactiva sus Servicios","description":"Las oficinas de Migraci\u00f3n Colombia reabrir\u00e1n sus servicios el 21 de septiembre, de acuerdo con la Resoluci\u00f3n 2223, despu\u00e9s de la pandemia.","robots":{"index":"index","follow":"follow","max-snippet":"max-snippet:-1","max-image-preview":"max-image-preview:large","max-video-preview":"max-video-preview:-1"},"canonical":"https:\/\/expatgroup.co\/es\/blog\/migracion-colombia-reactiva-sus-servicios\/","og_locale":"en_US","og_type":"article","og_title":"Migraci\u00f3n Colombia Reactiva sus Servicios","og_description":"Las oficinas de Migraci\u00f3n Colombia reabrir\u00e1n sus servicios el 21 de septiembre, de acuerdo con la Resoluci\u00f3n 2223, despu\u00e9s de la pandemia.","og_url":"https:\/\/expatgroup.co\/es\/blog\/migracion-colombia-reactiva-sus-servicios\/","og_site_name":"expatgroup","article_publisher":"https:\/\/www.facebook.com\/expatgroup.co\/","article_published_time":"2020-09-21T13:35:01+00:00","article_modified_time":"2025-12-17T18:29:06+00:00","og_image":[{"width":1300,"height":700,"url":"https:\/\/expatgroup.co\/es\/wp-content\/uploads\/2020\/09\/Migracion-Colombia-Reactiva-sus-Servicios.jpg","type":"image\/jpeg"}],"author":"expatgroup.co","twitter_card":"summary_large_image","twitter_misc":{"Written by":"expatgroup.co","Est. reading time":"1 minute"},"schema":{"@context":"https:\/\/schema.org","@graph":[{"@type":"Article","@id":"https:\/\/expatgroup.co\/es\/blog\/migracion-colombia-reactiva-sus-servicios\/#article","isPartOf":{"@id":"https:\/\/expatgroup.co\/es\/blog\/migracion-colombia-reactiva-sus-servicios\/"},"author":{"name":"expatgroup.co","@id":"https:\/\/expatgroup.co\/es\/#\/schema\/person\/c2cba3786f87628f66bfc207757282b2"},"headline":"Migraci\u00f3n Colombia Reactiva sus Servicios","datePublished":"2020-09-21T13:35:01+00:00","dateModified":"2025-12-17T18:29:06+00:00","mainEntityOfPage":{"@id":"https:\/\/expatgroup.co\/es\/blog\/migracion-colombia-reactiva-sus-servicios\/"},"wordCount":134,"commentCount":1,"publisher":{"@id":"https:\/\/expatgroup.co\/es\/#organization"},"image":{"@id":"https:\/\/expatgroup.co\/es\/blog\/migracion-colombia-reactiva-sus-servicios\/#primaryimage"},"thumbnailUrl":"https:\/\/expatgroup.co\/es\/wp-content\/uploads\/2020\/09\/Migracion-Colombia-Reactiva-sus-Servicios.jpg","articleSection":["Noticias","Visas e Inmigraci\u00f3n"],"inLanguage":"en-US","potentialAction":[{"@type":"CommentAction","name":"Comment","target":["https:\/\/expatgroup.co\/es\/blog\/migracion-colombia-reactiva-sus-servicios\/#respond"]}]},{"@type":"WebPage","@id":"https:\/\/expatgroup.co\/es\/blog\/migracion-colombia-reactiva-sus-servicios\/","url":"https:\/\/expatgroup.co\/es\/blog\/migracion-colombia-reactiva-sus-servicios\/","name":"Migraci\u00f3n Colombia Reactiva sus Servicios","isPartOf":{"@id":"https:\/\/expatgroup.co\/es\/#website"},"primaryImageOfPage":{"@id":"https:\/\/expatgroup.co\/es\/blog\/migracion-colombia-reactiva-sus-servicios\/#primaryimage"},"image":{"@id":"https:\/\/expatgroup.co\/es\/blog\/migracion-colombia-reactiva-sus-servicios\/#primaryimage"},"thumbnailUrl":"https:\/\/expatgroup.co\/es\/wp-content\/uploads\/2020\/09\/Migracion-Colombia-Reactiva-sus-Servicios.jpg","datePublished":"2020-09-21T13:35:01+00:00","dateModified":"2025-12-17T18:29:06+00:00","description":"Las oficinas de Migraci\u00f3n Colombia reabrir\u00e1n sus servicios el 21 de septiembre, de acuerdo con la Resoluci\u00f3n 2223, despu\u00e9s de la pandemia.","breadcrumb":{"@id":"https:\/\/expatgroup.co\/es\/blog\/migracion-colombia-reactiva-sus-servicios\/#breadcrumb"},"inLanguage":"en-US","potentialAction":[{"@type":"ReadAction","target":["https:\/\/expatgroup.co\/es\/blog\/migracion-colombia-reactiva-sus-servicios\/"]}]},{"@type":"ImageObject","inLanguage":"en-US","@id":"https:\/\/expatgroup.co\/es\/blog\/migracion-colombia-reactiva-sus-servicios\/#primaryimage","url":"https:\/\/expatgroup.co\/es\/wp-content\/uploads\/2020\/09\/Migracion-Colombia-Reactiva-sus-Servicios.jpg","contentUrl":"https:\/\/expatgroup.co\/es\/wp-content\/uploads\/2020\/09\/Migracion-Colombia-Reactiva-sus-Servicios.jpg","width":1300,"height":700,"caption":"Migraci\u00f3n Colombia Reactiva sus Servicios"},{"@type":"BreadcrumbList","@id":"https:\/\/expatgroup.co\/es\/blog\/migracion-colombia-reactiva-sus-servicios\/#breadcrumb","itemListElement":[{"@type":"ListItem","position":1,"name":"Home","item":"https:\/\/expatgroup.co\/es\/"},{"@type":"ListItem","position":2,"name":"Migraci\u00f3n Colombia Reactiva sus Servicios"}]},{"@type":"WebSite","@id":"https:\/\/expatgroup.co\/es\/#website","url":"https:\/\/expatgroup.co\/es\/","name":"expatgroup.co","description":"Tu camino al sue\u00f1o Colombiano","publisher":{"@id":"https:\/\/expatgroup.co\/es\/#organization"},"potentialAction":[{"@type":"SearchAction","target":{"@type":"EntryPoint","urlTemplate":"https:\/\/expatgroup.co\/es\/?s={search_term_string}"},"query-input":{"@type":"PropertyValueSpecification","valueRequired":true,"valueName":"search_term_string"}}],"inLanguage":"en-US"},{"@type":"Organization","@id":"https:\/\/expatgroup.co\/es\/#organization","name":"expatgroup.co","url":"https:\/\/expatgroup.co\/es\/","logo":{"@type":"ImageObject","inLanguage":"en-US","@id":"https:\/\/expatgroup.co\/es\/#\/schema\/logo\/image\/","url":"https:\/\/expatgroup.co\/es\/wp-content\/uploads\/2024\/12\/Logo-EG_Fondo-azul-oscuro.png","contentUrl":"https:\/\/expatgroup.co\/es\/wp-content\/uploads\/2024\/12\/Logo-EG_Fondo-azul-oscuro.png","width":951,"height":524,"caption":"expatgroup.co"},"image":{"@id":"https:\/\/expatgroup.co\/es\/#\/schema\/logo\/image\/"},"sameAs":["https:\/\/www.facebook.com\/expatgroup.co\/","https:\/\/www.instagram.com\/expatgroupco\/"],"description":"We serve as a facilitative channel between international clients and Colombia. By offering a comprehensive portfolio of solutions in immigration, real estate, legal matters, and business, our objective is to assist clients in making informed decisions regarding their relocation, residency, and investment in Colombia. We aim to ensure that this process is both effective and straightforward.","email":"sales@expatgroup.co","telephone":"+19547993692"},{"@type":"Person","@id":"https:\/\/expatgroup.co\/es\/#\/schema\/person\/c2cba3786f87628f66bfc207757282b2","name":"expatgroup.co","image":{"@type":"ImageObject","inLanguage":"en-US","@id":"https:\/\/expatgroup.co\/es\/wp-content\/uploads\/2025\/01\/expatgroup.co_avatar_1-96x96.jpg","url":"https:\/\/expatgroup.co\/es\/wp-content\/uploads\/2025\/01\/expatgroup.co_avatar_1-96x96.jpg","contentUrl":"https:\/\/expatgroup.co\/es\/wp-content\/uploads\/2025\/01\/expatgroup.co_avatar_1-96x96.jpg","caption":"expatgroup.co"},"description":"Nuestro equipo editorial est\u00e1 conformado por profesionales especializados en diversas \u00e1reas, dedicados a ofrecer a nuestros lectores informaci\u00f3n precisa y actualizada sobre procesos migratorios, inversi\u00f3n extranjera, creaci\u00f3n de empresas, adquisici\u00f3n de propiedades y seguros en Colombia. A trav\u00e9s de nuestro blog, miles de extranjeros han encontrado informaci\u00f3n valiosa que les ha permitido resolver sus dudas, tomar decisiones informadas y llevar a cabo con \u00e9xito sus proyectos de vida en el pa\u00eds. En expatgroup.co, estamos comprometidos con brindar respuestas claras y generar contenido basado en las inquietudes m\u00e1s frecuentes de quienes planean vivir, invertir o emprender en Colombia."}]}},"_links":{"self":[{"href":"https:\/\/expatgroup.co\/es\/wp-json\/wp\/v2\/posts\/8010","targetHints":{"allow":["GET"]}}],"collection":[{"href":"https:\/\/expatgroup.co\/es\/wp-json\/wp\/v2\/posts"}],"about":[{"href":"https:\/\/expatgroup.co\/es\/wp-json\/wp\/v2\/types\/post"}],"author":[{"embeddable":true,"href":"https:\/\/expatgroup.co\/es\/wp-json\/wp\/v2\/users\/12"}],"replies":[{"embeddable":true,"href":"https:\/\/expatgroup.co\/es\/wp-json\/wp\/v2\/comments?post=8010"}],"version-history":[{"count":6,"href":"https:\/\/expatgroup.co\/es\/wp-json\/wp\/v2\/posts\/8010\/revisions"}],"predecessor-version":[{"id":16357,"href":"https:\/\/expatgroup.co\/es\/wp-json\/wp\/v2\/posts\/8010\/revisions\/16357"}],"wp:featuredmedia":[{"embeddable":true,"href":"https:\/\/expatgroup.co\/es\/wp-json\/wp\/v2\/media\/15746"}],"wp:attachment":[{"href":"https:\/\/expatgroup.co\/es\/wp-json\/wp\/v2\/media?parent=8010"}],"wp:term":[{"taxonomy":"category","embeddable":true,"href":"https:\/\/expatgroup.co\/es\/wp-json\/wp\/v2\/categories?post=8010"},{"taxonomy":"post_tag","embeddable":true,"href":"https:\/\/expatgroup.co\/es\/wp-json\/wp\/v2\/tags?post=8010"}],"curies":[{"name":"wp","href":"https:\/\/api.w.org\/{rel}","templated":true}]}}