{"id":8012,"date":"2020-08-27T08:36:36","date_gmt":"2020-08-27T13:36:36","guid":{"rendered":"https:\/\/expatgroup.co\/es\/?p=8012"},"modified":"2025-12-17T13:29:07","modified_gmt":"2025-12-17T18:29:07","slug":"que-pasara-en-colombia-a-partir-de-septiembre-decreto-1168-del-25-de-agosto-de-2020","status":"publish","type":"post","link":"https:\/\/expatgroup.co\/es\/blog\/que-pasara-en-colombia-a-partir-de-septiembre-decreto-1168-del-25-de-agosto-de-2020\/","title":{"rendered":"\u00bfQu\u00e9 pasar\u00e1 en Colombia a partir de Septiembre? &#8211; Covid 19"},"content":{"rendered":"<p>Considerando que el riesgo de contagio de COVID 19 a\u00fan no ha disminuido, el Ministerio de Salud y Protecci\u00f3n Social ha prorrogado el <strong>Estado de Emergencia Sanitaria hasta el 30 de noviembre de 2020<\/strong>; sin embargo, el Gobierno Nacional ha ordenado nuevas medidas que estar\u00e1n en vigor desde el 1 de septiembre mediante el <a href=\"https:\/\/expatgroup.co\/english\/wp-content\/uploads\/2020\/08\/DECRETO-1168-DEL-25-DE-AGOSTO-DE-2020.pdf\" target=\"_blank\" rel=\"noopener\">Decreto 1168 del 25 de agosto de 2020<\/a>.<\/p>\n","protected":false},"excerpt":{"rendered":"<p>A partir de septiembre y a causa del COVID 19, empieza a regir el Decreto 1168 de 2020: Transici\u00f3n del Aislamiento Obligatorio al Aislamiento Selectivo, enfatizando el Distanciamiento y la Responsabilidad Individual.<\/p>\n","protected":false},"author":12,"featured_media":16798,"comment_status":"open","ping_status":"open","sticky":false,"template":"","format":"standard","meta":{"_acf_changed":false,"inline_featured_image":false,"footnotes":""},"categories":[1,34],"tags":[],"class_list":["post-8012","post","type-post","status-publish","format-standard","has-post-thumbnail","hentry","category-noticias","category-visas-e-inmigracion"],"acf":[],"yoast_head":"<!-- This site is optimized with the Yoast SEO Premium plugin v25.0 (Yoast SEO v27.4) - https:\/\/yoast.com\/product\/yoast-seo-premium-wordpress\/ -->\n<title>\u00bfQu\u00e9 pasar\u00e1 en Colombia a partir de Septiembre? - Covid 19<\/title>\n<meta name=\"description\" content=\"A partir de septiembre por COVID 19, rige el decreto 1168 de 2020: Transici\u00f3n del Aislamiento Obligatorio al Aislamiento Selectivo.\" \/>\n<meta name=\"robots\" content=\"index, follow, max-snippet:-1, max-image-preview:large, max-video-preview:-1\" \/>\n<link rel=\"canonical\" href=\"https:\/\/expatgroup.co\/es\/blog\/que-pasara-en-colombia-a-partir-de-septiembre-decreto-1168-del-25-de-agosto-de-2020\/\" \/>\n<meta property=\"og:locale\" content=\"en_US\" \/>\n<meta property=\"og:type\" content=\"article\" \/>\n<meta property=\"og:title\" content=\"\u00bfQu\u00e9 pasar\u00e1 en Colombia a partir de Septiembre? - Covid 19\" \/>\n<meta property=\"og:description\" content=\"A partir de septiembre por COVID 19, rige el decreto 1168 de 2020: Transici\u00f3n del Aislamiento Obligatorio al Aislamiento Selectivo.\" \/>\n<meta property=\"og:url\" content=\"https:\/\/expatgroup.co\/es\/blog\/que-pasara-en-colombia-a-partir-de-septiembre-decreto-1168-del-25-de-agosto-de-2020\/\" \/>\n<meta property=\"og:site_name\" content=\"expatgroup\" \/>\n<meta property=\"article:publisher\" content=\"https:\/\/www.facebook.com\/expatgroup.co\/\" \/>\n<meta property=\"article:published_time\" content=\"2020-08-27T13:36:36+00:00\" \/>\n<meta property=\"article:modified_time\" content=\"2025-12-17T18:29:07+00:00\" \/>\n<meta property=\"og:image\" content=\"https:\/\/expatgroup.co\/es\/wp-content\/uploads\/2020\/08\/Que-pasara-en-Colombia-a-partir-de-Septiembre-Covid-19-1.webp\" \/>\n\t<meta property=\"og:image:width\" content=\"1300\" \/>\n\t<meta property=\"og:image:height\" content=\"700\" \/>\n\t<meta property=\"og:image:type\" content=\"image\/webp\" \/>\n<meta name=\"author\" content=\"expatgroup.co\" \/>\n<meta name=\"twitter:card\" content=\"summary_large_image\" \/>\n<meta name=\"twitter:label1\" content=\"Written by\" \/>\n\t<meta name=\"twitter:data1\" content=\"expatgroup.co\" \/>\n\t<meta name=\"twitter:label2\" content=\"Est. reading time\" \/>\n\t<meta name=\"twitter:data2\" content=\"1 minute\" \/>\n<script type=\"application\/ld+json\" class=\"yoast-schema-graph\">{\"@context\":\"https:\\\/\\\/schema.org\",\"@graph\":[{\"@type\":\"Article\",\"@id\":\"https:\\\/\\\/expatgroup.co\\\/es\\\/blog\\\/que-pasara-en-colombia-a-partir-de-septiembre-decreto-1168-del-25-de-agosto-de-2020\\\/#article\",\"isPartOf\":{\"@id\":\"https:\\\/\\\/expatgroup.co\\\/es\\\/blog\\\/que-pasara-en-colombia-a-partir-de-septiembre-decreto-1168-del-25-de-agosto-de-2020\\\/\"},\"author\":{\"name\":\"expatgroup.co\",\"@id\":\"https:\\\/\\\/expatgroup.co\\\/es\\\/#\\\/schema\\\/person\\\/c2cba3786f87628f66bfc207757282b2\"},\"headline\":\"\u00bfQu\u00e9 pasar\u00e1 en Colombia a partir de Septiembre? &#8211; Covid 19\",\"datePublished\":\"2020-08-27T13:36:36+00:00\",\"dateModified\":\"2025-12-17T18:29:07+00:00\",\"mainEntityOfPage\":{\"@id\":\"https:\\\/\\\/expatgroup.co\\\/es\\\/blog\\\/que-pasara-en-colombia-a-partir-de-septiembre-decreto-1168-del-25-de-agosto-de-2020\\\/\"},\"wordCount\":68,\"commentCount\":0,\"publisher\":{\"@id\":\"https:\\\/\\\/expatgroup.co\\\/es\\\/#organization\"},\"image\":{\"@id\":\"https:\\\/\\\/expatgroup.co\\\/es\\\/blog\\\/que-pasara-en-colombia-a-partir-de-septiembre-decreto-1168-del-25-de-agosto-de-2020\\\/#primaryimage\"},\"thumbnailUrl\":\"https:\\\/\\\/expatgroup.co\\\/es\\\/wp-content\\\/uploads\\\/2020\\\/08\\\/Que-pasara-en-Colombia-a-partir-de-Septiembre-Covid-19-1.webp\",\"articleSection\":[\"Noticias\",\"Visas e Inmigraci\u00f3n\"],\"inLanguage\":\"en-US\",\"potentialAction\":[{\"@type\":\"CommentAction\",\"name\":\"Comment\",\"target\":[\"https:\\\/\\\/expatgroup.co\\\/es\\\/blog\\\/que-pasara-en-colombia-a-partir-de-septiembre-decreto-1168-del-25-de-agosto-de-2020\\\/#respond\"]}]},{\"@type\":\"WebPage\",\"@id\":\"https:\\\/\\\/expatgroup.co\\\/es\\\/blog\\\/que-pasara-en-colombia-a-partir-de-septiembre-decreto-1168-del-25-de-agosto-de-2020\\\/\",\"url\":\"https:\\\/\\\/expatgroup.co\\\/es\\\/blog\\\/que-pasara-en-colombia-a-partir-de-septiembre-decreto-1168-del-25-de-agosto-de-2020\\\/\",\"name\":\"\u00bfQu\u00e9 pasar\u00e1 en Colombia a partir de Septiembre? - Covid 19\",\"isPartOf\":{\"@id\":\"https:\\\/\\\/expatgroup.co\\\/es\\\/#website\"},\"primaryImageOfPage\":{\"@id\":\"https:\\\/\\\/expatgroup.co\\\/es\\\/blog\\\/que-pasara-en-colombia-a-partir-de-septiembre-decreto-1168-del-25-de-agosto-de-2020\\\/#primaryimage\"},\"image\":{\"@id\":\"https:\\\/\\\/expatgroup.co\\\/es\\\/blog\\\/que-pasara-en-colombia-a-partir-de-septiembre-decreto-1168-del-25-de-agosto-de-2020\\\/#primaryimage\"},\"thumbnailUrl\":\"https:\\\/\\\/expatgroup.co\\\/es\\\/wp-content\\\/uploads\\\/2020\\\/08\\\/Que-pasara-en-Colombia-a-partir-de-Septiembre-Covid-19-1.webp\",\"datePublished\":\"2020-08-27T13:36:36+00:00\",\"dateModified\":\"2025-12-17T18:29:07+00:00\",\"description\":\"A partir de septiembre por COVID 19, rige el decreto 1168 de 2020: Transici\u00f3n del Aislamiento Obligatorio al Aislamiento Selectivo.\",\"breadcrumb\":{\"@id\":\"https:\\\/\\\/expatgroup.co\\\/es\\\/blog\\\/que-pasara-en-colombia-a-partir-de-septiembre-decreto-1168-del-25-de-agosto-de-2020\\\/#breadcrumb\"},\"inLanguage\":\"en-US\",\"potentialAction\":[{\"@type\":\"ReadAction\",\"target\":[\"https:\\\/\\\/expatgroup.co\\\/es\\\/blog\\\/que-pasara-en-colombia-a-partir-de-septiembre-decreto-1168-del-25-de-agosto-de-2020\\\/\"]}]},{\"@type\":\"ImageObject\",\"inLanguage\":\"en-US\",\"@id\":\"https:\\\/\\\/expatgroup.co\\\/es\\\/blog\\\/que-pasara-en-colombia-a-partir-de-septiembre-decreto-1168-del-25-de-agosto-de-2020\\\/#primaryimage\",\"url\":\"https:\\\/\\\/expatgroup.co\\\/es\\\/wp-content\\\/uploads\\\/2020\\\/08\\\/Que-pasara-en-Colombia-a-partir-de-Septiembre-Covid-19-1.webp\",\"contentUrl\":\"https:\\\/\\\/expatgroup.co\\\/es\\\/wp-content\\\/uploads\\\/2020\\\/08\\\/Que-pasara-en-Colombia-a-partir-de-Septiembre-Covid-19-1.webp\",\"width\":1300,\"height\":700,\"caption\":\"Que\u0301 pasara\u0301 en Colombia a partir de Septiembre - Covid 19\"},{\"@type\":\"BreadcrumbList\",\"@id\":\"https:\\\/\\\/expatgroup.co\\\/es\\\/blog\\\/que-pasara-en-colombia-a-partir-de-septiembre-decreto-1168-del-25-de-agosto-de-2020\\\/#breadcrumb\",\"itemListElement\":[{\"@type\":\"ListItem\",\"position\":1,\"name\":\"Home\",\"item\":\"https:\\\/\\\/expatgroup.co\\\/es\\\/\"},{\"@type\":\"ListItem\",\"position\":2,\"name\":\"\u00bfQu\u00e9 pasar\u00e1 en Colombia a partir de Septiembre? &#8211; Covid 19\"}]},{\"@type\":\"WebSite\",\"@id\":\"https:\\\/\\\/expatgroup.co\\\/es\\\/#website\",\"url\":\"https:\\\/\\\/expatgroup.co\\\/es\\\/\",\"name\":\"expatgroup.co\",\"description\":\"Tu camino al sue\u00f1o Colombiano\",\"publisher\":{\"@id\":\"https:\\\/\\\/expatgroup.co\\\/es\\\/#organization\"},\"potentialAction\":[{\"@type\":\"SearchAction\",\"target\":{\"@type\":\"EntryPoint\",\"urlTemplate\":\"https:\\\/\\\/expatgroup.co\\\/es\\\/?s={search_term_string}\"},\"query-input\":{\"@type\":\"PropertyValueSpecification\",\"valueRequired\":true,\"valueName\":\"search_term_string\"}}],\"inLanguage\":\"en-US\"},{\"@type\":\"Organization\",\"@id\":\"https:\\\/\\\/expatgroup.co\\\/es\\\/#organization\",\"name\":\"expatgroup.co\",\"url\":\"https:\\\/\\\/expatgroup.co\\\/es\\\/\",\"logo\":{\"@type\":\"ImageObject\",\"inLanguage\":\"en-US\",\"@id\":\"https:\\\/\\\/expatgroup.co\\\/es\\\/#\\\/schema\\\/logo\\\/image\\\/\",\"url\":\"https:\\\/\\\/expatgroup.co\\\/es\\\/wp-content\\\/uploads\\\/2024\\\/12\\\/Logo-EG_Fondo-azul-oscuro.png\",\"contentUrl\":\"https:\\\/\\\/expatgroup.co\\\/es\\\/wp-content\\\/uploads\\\/2024\\\/12\\\/Logo-EG_Fondo-azul-oscuro.png\",\"width\":951,\"height\":524,\"caption\":\"expatgroup.co\"},\"image\":{\"@id\":\"https:\\\/\\\/expatgroup.co\\\/es\\\/#\\\/schema\\\/logo\\\/image\\\/\"},\"sameAs\":[\"https:\\\/\\\/www.facebook.com\\\/expatgroup.co\\\/\",\"https:\\\/\\\/www.instagram.com\\\/expatgroupco\\\/\"],\"description\":\"We serve as a facilitative channel between international clients and Colombia. By offering a comprehensive portfolio of solutions in immigration, real estate, legal matters, and business, our objective is to assist clients in making informed decisions regarding their relocation, residency, and investment in Colombia. We aim to ensure that this process is both effective and straightforward.\",\"email\":\"sales@expatgroup.co\",\"telephone\":\"+19547993692\"},{\"@type\":\"Person\",\"@id\":\"https:\\\/\\\/expatgroup.co\\\/es\\\/#\\\/schema\\\/person\\\/c2cba3786f87628f66bfc207757282b2\",\"name\":\"expatgroup.co\",\"image\":{\"@type\":\"ImageObject\",\"inLanguage\":\"en-US\",\"@id\":\"https:\\\/\\\/expatgroup.co\\\/es\\\/wp-content\\\/uploads\\\/2025\\\/01\\\/expatgroup.co_avatar_1-96x96.jpg\",\"url\":\"https:\\\/\\\/expatgroup.co\\\/es\\\/wp-content\\\/uploads\\\/2025\\\/01\\\/expatgroup.co_avatar_1-96x96.jpg\",\"contentUrl\":\"https:\\\/\\\/expatgroup.co\\\/es\\\/wp-content\\\/uploads\\\/2025\\\/01\\\/expatgroup.co_avatar_1-96x96.jpg\",\"caption\":\"expatgroup.co\"},\"description\":\"Nuestro equipo editorial est\u00e1 conformado por profesionales especializados en diversas \u00e1reas, dedicados a ofrecer a nuestros lectores informaci\u00f3n precisa y actualizada sobre procesos migratorios, inversi\u00f3n extranjera, creaci\u00f3n de empresas, adquisici\u00f3n de propiedades y seguros en Colombia. A trav\u00e9s de nuestro blog, miles de extranjeros han encontrado informaci\u00f3n valiosa que les ha permitido resolver sus dudas, tomar decisiones informadas y llevar a cabo con \u00e9xito sus proyectos de vida en el pa\u00eds. En expatgroup.co, estamos comprometidos con brindar respuestas claras y generar contenido basado en las inquietudes m\u00e1s frecuentes de quienes planean vivir, invertir o emprender en Colombia.\"}]}<\/script>\n<!-- \/ Yoast SEO Premium plugin. -->","yoast_head_json":{"title":"\u00bfQu\u00e9 pasar\u00e1 en Colombia a partir de Septiembre? - Covid 19","description":"A partir de septiembre por COVID 19, rige el decreto 1168 de 2020: Transici\u00f3n del Aislamiento Obligatorio al Aislamiento Selectivo.","robots":{"index":"index","follow":"follow","max-snippet":"max-snippet:-1","max-image-preview":"max-image-preview:large","max-video-preview":"max-video-preview:-1"},"canonical":"https:\/\/expatgroup.co\/es\/blog\/que-pasara-en-colombia-a-partir-de-septiembre-decreto-1168-del-25-de-agosto-de-2020\/","og_locale":"en_US","og_type":"article","og_title":"\u00bfQu\u00e9 pasar\u00e1 en Colombia a partir de Septiembre? - Covid 19","og_description":"A partir de septiembre por COVID 19, rige el decreto 1168 de 2020: Transici\u00f3n del Aislamiento Obligatorio al Aislamiento Selectivo.","og_url":"https:\/\/expatgroup.co\/es\/blog\/que-pasara-en-colombia-a-partir-de-septiembre-decreto-1168-del-25-de-agosto-de-2020\/","og_site_name":"expatgroup","article_publisher":"https:\/\/www.facebook.com\/expatgroup.co\/","article_published_time":"2020-08-27T13:36:36+00:00","article_modified_time":"2025-12-17T18:29:07+00:00","og_image":[{"width":1300,"height":700,"url":"https:\/\/expatgroup.co\/es\/wp-content\/uploads\/2020\/08\/Que-pasara-en-Colombia-a-partir-de-Septiembre-Covid-19-1.webp","type":"image\/webp"}],"author":"expatgroup.co","twitter_card":"summary_large_image","twitter_misc":{"Written by":"expatgroup.co","Est. reading time":"1 minute"},"schema":{"@context":"https:\/\/schema.org","@graph":[{"@type":"Article","@id":"https:\/\/expatgroup.co\/es\/blog\/que-pasara-en-colombia-a-partir-de-septiembre-decreto-1168-del-25-de-agosto-de-2020\/#article","isPartOf":{"@id":"https:\/\/expatgroup.co\/es\/blog\/que-pasara-en-colombia-a-partir-de-septiembre-decreto-1168-del-25-de-agosto-de-2020\/"},"author":{"name":"expatgroup.co","@id":"https:\/\/expatgroup.co\/es\/#\/schema\/person\/c2cba3786f87628f66bfc207757282b2"},"headline":"\u00bfQu\u00e9 pasar\u00e1 en Colombia a partir de Septiembre? &#8211; Covid 19","datePublished":"2020-08-27T13:36:36+00:00","dateModified":"2025-12-17T18:29:07+00:00","mainEntityOfPage":{"@id":"https:\/\/expatgroup.co\/es\/blog\/que-pasara-en-colombia-a-partir-de-septiembre-decreto-1168-del-25-de-agosto-de-2020\/"},"wordCount":68,"commentCount":0,"publisher":{"@id":"https:\/\/expatgroup.co\/es\/#organization"},"image":{"@id":"https:\/\/expatgroup.co\/es\/blog\/que-pasara-en-colombia-a-partir-de-septiembre-decreto-1168-del-25-de-agosto-de-2020\/#primaryimage"},"thumbnailUrl":"https:\/\/expatgroup.co\/es\/wp-content\/uploads\/2020\/08\/Que-pasara-en-Colombia-a-partir-de-Septiembre-Covid-19-1.webp","articleSection":["Noticias","Visas e Inmigraci\u00f3n"],"inLanguage":"en-US","potentialAction":[{"@type":"CommentAction","name":"Comment","target":["https:\/\/expatgroup.co\/es\/blog\/que-pasara-en-colombia-a-partir-de-septiembre-decreto-1168-del-25-de-agosto-de-2020\/#respond"]}]},{"@type":"WebPage","@id":"https:\/\/expatgroup.co\/es\/blog\/que-pasara-en-colombia-a-partir-de-septiembre-decreto-1168-del-25-de-agosto-de-2020\/","url":"https:\/\/expatgroup.co\/es\/blog\/que-pasara-en-colombia-a-partir-de-septiembre-decreto-1168-del-25-de-agosto-de-2020\/","name":"\u00bfQu\u00e9 pasar\u00e1 en Colombia a partir de Septiembre? - Covid 19","isPartOf":{"@id":"https:\/\/expatgroup.co\/es\/#website"},"primaryImageOfPage":{"@id":"https:\/\/expatgroup.co\/es\/blog\/que-pasara-en-colombia-a-partir-de-septiembre-decreto-1168-del-25-de-agosto-de-2020\/#primaryimage"},"image":{"@id":"https:\/\/expatgroup.co\/es\/blog\/que-pasara-en-colombia-a-partir-de-septiembre-decreto-1168-del-25-de-agosto-de-2020\/#primaryimage"},"thumbnailUrl":"https:\/\/expatgroup.co\/es\/wp-content\/uploads\/2020\/08\/Que-pasara-en-Colombia-a-partir-de-Septiembre-Covid-19-1.webp","datePublished":"2020-08-27T13:36:36+00:00","dateModified":"2025-12-17T18:29:07+00:00","description":"A partir de septiembre por COVID 19, rige el decreto 1168 de 2020: Transici\u00f3n del Aislamiento Obligatorio al Aislamiento Selectivo.","breadcrumb":{"@id":"https:\/\/expatgroup.co\/es\/blog\/que-pasara-en-colombia-a-partir-de-septiembre-decreto-1168-del-25-de-agosto-de-2020\/#breadcrumb"},"inLanguage":"en-US","potentialAction":[{"@type":"ReadAction","target":["https:\/\/expatgroup.co\/es\/blog\/que-pasara-en-colombia-a-partir-de-septiembre-decreto-1168-del-25-de-agosto-de-2020\/"]}]},{"@type":"ImageObject","inLanguage":"en-US","@id":"https:\/\/expatgroup.co\/es\/blog\/que-pasara-en-colombia-a-partir-de-septiembre-decreto-1168-del-25-de-agosto-de-2020\/#primaryimage","url":"https:\/\/expatgroup.co\/es\/wp-content\/uploads\/2020\/08\/Que-pasara-en-Colombia-a-partir-de-Septiembre-Covid-19-1.webp","contentUrl":"https:\/\/expatgroup.co\/es\/wp-content\/uploads\/2020\/08\/Que-pasara-en-Colombia-a-partir-de-Septiembre-Covid-19-1.webp","width":1300,"height":700,"caption":"Que\u0301 pasara\u0301 en Colombia a partir de Septiembre - Covid 19"},{"@type":"BreadcrumbList","@id":"https:\/\/expatgroup.co\/es\/blog\/que-pasara-en-colombia-a-partir-de-septiembre-decreto-1168-del-25-de-agosto-de-2020\/#breadcrumb","itemListElement":[{"@type":"ListItem","position":1,"name":"Home","item":"https:\/\/expatgroup.co\/es\/"},{"@type":"ListItem","position":2,"name":"\u00bfQu\u00e9 pasar\u00e1 en Colombia a partir de Septiembre? &#8211; Covid 19"}]},{"@type":"WebSite","@id":"https:\/\/expatgroup.co\/es\/#website","url":"https:\/\/expatgroup.co\/es\/","name":"expatgroup.co","description":"Tu camino al sue\u00f1o Colombiano","publisher":{"@id":"https:\/\/expatgroup.co\/es\/#organization"},"potentialAction":[{"@type":"SearchAction","target":{"@type":"EntryPoint","urlTemplate":"https:\/\/expatgroup.co\/es\/?s={search_term_string}"},"query-input":{"@type":"PropertyValueSpecification","valueRequired":true,"valueName":"search_term_string"}}],"inLanguage":"en-US"},{"@type":"Organization","@id":"https:\/\/expatgroup.co\/es\/#organization","name":"expatgroup.co","url":"https:\/\/expatgroup.co\/es\/","logo":{"@type":"ImageObject","inLanguage":"en-US","@id":"https:\/\/expatgroup.co\/es\/#\/schema\/logo\/image\/","url":"https:\/\/expatgroup.co\/es\/wp-content\/uploads\/2024\/12\/Logo-EG_Fondo-azul-oscuro.png","contentUrl":"https:\/\/expatgroup.co\/es\/wp-content\/uploads\/2024\/12\/Logo-EG_Fondo-azul-oscuro.png","width":951,"height":524,"caption":"expatgroup.co"},"image":{"@id":"https:\/\/expatgroup.co\/es\/#\/schema\/logo\/image\/"},"sameAs":["https:\/\/www.facebook.com\/expatgroup.co\/","https:\/\/www.instagram.com\/expatgroupco\/"],"description":"We serve as a facilitative channel between international clients and Colombia. By offering a comprehensive portfolio of solutions in immigration, real estate, legal matters, and business, our objective is to assist clients in making informed decisions regarding their relocation, residency, and investment in Colombia. We aim to ensure that this process is both effective and straightforward.","email":"sales@expatgroup.co","telephone":"+19547993692"},{"@type":"Person","@id":"https:\/\/expatgroup.co\/es\/#\/schema\/person\/c2cba3786f87628f66bfc207757282b2","name":"expatgroup.co","image":{"@type":"ImageObject","inLanguage":"en-US","@id":"https:\/\/expatgroup.co\/es\/wp-content\/uploads\/2025\/01\/expatgroup.co_avatar_1-96x96.jpg","url":"https:\/\/expatgroup.co\/es\/wp-content\/uploads\/2025\/01\/expatgroup.co_avatar_1-96x96.jpg","contentUrl":"https:\/\/expatgroup.co\/es\/wp-content\/uploads\/2025\/01\/expatgroup.co_avatar_1-96x96.jpg","caption":"expatgroup.co"},"description":"Nuestro equipo editorial est\u00e1 conformado por profesionales especializados en diversas \u00e1reas, dedicados a ofrecer a nuestros lectores informaci\u00f3n precisa y actualizada sobre procesos migratorios, inversi\u00f3n extranjera, creaci\u00f3n de empresas, adquisici\u00f3n de propiedades y seguros en Colombia. A trav\u00e9s de nuestro blog, miles de extranjeros han encontrado informaci\u00f3n valiosa que les ha permitido resolver sus dudas, tomar decisiones informadas y llevar a cabo con \u00e9xito sus proyectos de vida en el pa\u00eds. En expatgroup.co, estamos comprometidos con brindar respuestas claras y generar contenido basado en las inquietudes m\u00e1s frecuentes de quienes planean vivir, invertir o emprender en Colombia."}]}},"_links":{"self":[{"href":"https:\/\/expatgroup.co\/es\/wp-json\/wp\/v2\/posts\/8012","targetHints":{"allow":["GET"]}}],"collection":[{"href":"https:\/\/expatgroup.co\/es\/wp-json\/wp\/v2\/posts"}],"about":[{"href":"https:\/\/expatgroup.co\/es\/wp-json\/wp\/v2\/types\/post"}],"author":[{"embeddable":true,"href":"https:\/\/expatgroup.co\/es\/wp-json\/wp\/v2\/users\/12"}],"replies":[{"embeddable":true,"href":"https:\/\/expatgroup.co\/es\/wp-json\/wp\/v2\/comments?post=8012"}],"version-history":[{"count":6,"href":"https:\/\/expatgroup.co\/es\/wp-json\/wp\/v2\/posts\/8012\/revisions"}],"predecessor-version":[{"id":16359,"href":"https:\/\/expatgroup.co\/es\/wp-json\/wp\/v2\/posts\/8012\/revisions\/16359"}],"wp:featuredmedia":[{"embeddable":true,"href":"https:\/\/expatgroup.co\/es\/wp-json\/wp\/v2\/media\/16798"}],"wp:attachment":[{"href":"https:\/\/expatgroup.co\/es\/wp-json\/wp\/v2\/media?parent=8012"}],"wp:term":[{"taxonomy":"category","embeddable":true,"href":"https:\/\/expatgroup.co\/es\/wp-json\/wp\/v2\/categories?post=8012"},{"taxonomy":"post_tag","embeddable":true,"href":"https:\/\/expatgroup.co\/es\/wp-json\/wp\/v2\/tags?post=8012"}],"curies":[{"name":"wp","href":"https:\/\/api.w.org\/{rel}","templated":true}]}}